{"id":4513,"date":"2026-02-09T17:31:14","date_gmt":"2026-02-09T17:31:14","guid":{"rendered":"https:\/\/trakbond.com\/blog\/?p=4513"},"modified":"2026-04-29T21:22:52","modified_gmt":"2026-04-29T21:22:52","slug":"comercial","status":"publish","type":"post","link":"https:\/\/trakbond.com\/blog\/uncategorized\/comercial\/","title":{"rendered":"COMERCIAL"},"content":{"rendered":"<div id=\"toc\" style=\"background: #f9f9f9;border: 1px solid #aaa;margin-bottom: 1em;padding: 1em;width: 350px\">\n<p class=\"toctitle\" style=\"font-weight: 700;text-align: center\">Content<\/p>\n<ul class=\"toc_list\">\n<li><a href=\"#toc-1\">\u00a1Obtenga servicios el\u00e9ctricos seguros y confiables ahora!<\/a><\/li>\n<li><a href=\"#toc-2\">Vacunaci\u00f3n en adultos en Chile: el riesgo silencioso de no tener las vacunas al d\u00eda antes del invierno<\/a><\/li>\n<li><a href=\"#toc-3\">Experiencias gastron\u00f3micas para todos<\/a><\/li>\n<\/ul>\n<\/div>\n<p>Durante los tres d\u00edas del festival, los asistentes podr\u00e1n encontrar experiencias gastron\u00f3micas para diversos gustos, un mercado de productores y emprendedor locales, numerosas propuestas de bares y cocteler\u00eda, y demostraciones con destacados invitados internacionales. Desde su primera versi\u00f3n en 2011, se ha posicionado como una vitrina para chefs, productores locales, bartenders, pescadores artesanales, emprendedores y amantes de la buena mesa, poniendo en valor la diversidad de sabores y territorios que conforman el pa\u00eds. Entre el&nbsp;jueves 4 y el domingo 7, el Cerro Santa Luc\u00eda&nbsp;ser\u00e1 el spot m\u00e1s sabroso de Santiago con distintas \u2018estaciones\u2019. Ah\u00ed se instalar\u00e1 la&nbsp;Caleta \u00d1am, donde pescadores artesanales de diferentes caletas de Chile vender\u00e1n lo mejor de su zona.<\/p>\n<p>Nos esforzamos por ser la primera opci\u00f3n para nuestros clientes, proporcionando un servicio que se distinga por su profesionalismo, puntualidad y atenci\u00f3n a los detalles. La alta preocupaci\u00f3n por la inseguridad se ha posicionado como un tema central en el pa\u00eds, impulsando incluso recientes cambios pol\u00edticos. La preocupaci\u00f3n ciudadana motiv\u00f3 la destituci\u00f3n de la entonces presidenta Dina Boluarte el 10 de octubre, y posteriormente gener\u00f3 protestas masivas, encabezadas por j\u00f3venes, que derivaron en fuertes enfrentamientos cerca del Congreso el 15 de octubre. Estas manifestaciones, que <a href=\"niam.cl\">niam.cl<\/a> protestaban contra la inseguridad, el Congreso y el reci\u00e9n instalado gobierno del derechista Jer\u00ed, dejaron un saldo de un fallecido y un centenar de heridos. En esta destacada vitrina nacional, la Regi\u00f3n de Los R\u00edos estar\u00e1 representada por Rosa del Carmen Bello Carrasco, emprendedora de Kutral Nalcahue, quien asiste a esta fiesta de los sentidos con una variada propuesta de productos agroprocesados con identidad local. Entre ellos destacan sus mermeladas org\u00e1nicas de ruibarbo, grosella con flor de sauco y ciruela menta, adem\u00e1s de conservas de frutas y pastas elaboradas a partir de topinambur, ajo y aj\u00ed.<\/p>\n<ul>\n<li>Un total de 30 emprendimientos campesinos de 13 regiones del pa\u00eds representar\u00e1n a la Agricultura Familiar Campesina en el Festival \u00d1am Santiago 2026, uno de los encuentros gastron\u00f3micos m\u00e1s importantes de Chile, que se desarrollar\u00e1 entre el 10 y el 12 de abril en el Parque Padre Hurtado, en la comuna de La Reina.<\/li>\n<li>El Festival Gastron\u00f3mico \u00d1am regresa este 28, 29 y 30 de marzo con su 12\u00b0 edici\u00f3n bajo el lema &quot;E\u00f1am\u00f3rate&quot;.<\/li>\n<li>Bajo el estado de emergencia, el Ejecutivo obtiene facultades extraordinarias que permiten la salida de las Fuerzas Armadas a las calles para patrullar y colaborar con la Polic\u00eda en el mantenimiento del orden.<\/li>\n<li>Los estudiantes becados que tengan mejor rendimiento en la Academia podr\u00e1n acceder a los cursos presenciales pr\u00e1cticos de formaci\u00f3n y perfeccionamiento intensivas que impartimos.<\/li>\n<\/ul>\n<h2 id=\"toc-0\">Restaurantes impulsan formaci\u00f3n gratuita para j\u00f3venes en el sector gastron\u00f3mico<\/h2>\n<p>Contamos con un CEDI especializado e instalaciones adaptadas para el almacenamiento de tus productosEl servicio Fulfillment es la soluci\u00f3n a todas tus necesidad producidas por el impulso de ventas E-commerce. Realizamos un an\u00e1lisis amplio y riguroso del mercado, logrando identificar, evaluar y seleccionar los talentos m\u00e1s espec\u00edficos para su compa\u00f1\u00eda. Trabaj\u00f3 21 a\u00f1os en el Grupo Santander, donde desempe\u00f1\u00f3 los cargos de gerente de Recursos Humanos, gerente de la Divisi\u00f3n de Personas y gerente de Planificaci\u00f3n Estrat\u00e9gica, entre otros. Anteriormente y durante ocho a\u00f1os, fue profesora full time en la Escuela de Administraci\u00f3n de Facultad de Ciencias Econ\u00f3micas y Administrativas de la PUC.<\/p>\n<h3 id=\"toc-1\">\u00a1Obtenga servicios el\u00e9ctricos seguros y confiables ahora!<\/h3>\n<p>La mujer es fundamental en el cari\u00f1o que se le pone a las preparaciones y en el legado que le podemos dejar a nuestros hijos. Y, gracias a Dios, cada d\u00eda hay m\u00e1s cocineras y m\u00e1s mujeres en ferias gastron\u00f3micas\u201d. Si desea informaci\u00f3n \u00fatil o el asesoramiento de un profesional experimentado para gestionar un proyecto, contamos con la experiencia y herramientas necesarias para garantizar su \u00e9xito. Consulte nuestros servicios detallados a continuaci\u00f3n y ll\u00e1menos para obtener un presupuesto estimado. Este jueves 22 de marzo comienza la octava versi\u00f3n del Festival Latinoamericano de Cocina &quot;\u00d1am&quot;, el que se realizar\u00e1 en el Cerro Santa Luc\u00eda y que estar\u00e1 abierto al p\u00fablico hasta el domingo 25 del mismo mes.<\/p>\n<h2 id=\"toc-2\">Vacunaci\u00f3n en adultos en Chile: el riesgo silencioso de no tener las vacunas al d\u00eda antes del invierno<\/h2>\n<p>La gastronom\u00eda se presenta as\u00ed como un veh\u00edculo para el cambio social y la creaci\u00f3n de oportunidades, reflejando c\u00f3mo, a trav\u00e9s del esfuerzo conjunto, se puede construir un futuro m\u00e1s inclusivo y pr\u00f3spero. El 24 de octubre, el restaurante Ocean Pacific\u2019s en Santiago fue el escenario de un importante evento que celebr\u00f3 el impacto de la gastronom\u00eda como herramienta de transformaci\u00f3n social. Durante la primera entrega del Reconocimiento al Aporte en Gastronom\u00eda Social, se homenaje\u00f3 a due\u00f1os de restaurantes comprometidos con la inclusi\u00f3n y el empoderamiento de j\u00f3venes a trav\u00e9s de los Bootcamps Gastron\u00f3micos, liderados por Coca-Cola Chile y la Fundaci\u00f3n Gastronom\u00eda Social. El Festival \u00d1am Santiago regresa en su 12\u00aa edici\u00f3n para celebrar lo mejor de la gastronom\u00eda latinoamericana. Bajo el lema \u201cE\u00f1am\u00f3rate\u201d, este evento invita a disfrutar de tres d\u00edas llenos de sabores, cultura y experiencias \u00fanicas en el Parque Padre Hurtado de La Reina, del 28 al 30 de marzo. Seg\u00fan un informe de la OIT y la Cepal, Chile se encuentra entre los pa\u00edses de Latinoam\u00e9rica con menor recuperaci\u00f3n de empleo juvenil, registrando un desempleo del 21,4% en este grupo.<\/p>\n<h3 id=\"toc-3\">Experiencias gastron\u00f3micas para todos<\/h3>\n<p>Trabaja hace 8 a\u00f1os en la empresa, donde desempe\u00f1\u00f3 cargos de gerencias de marketing &amp; comunicaciones, nuevos clientes y el que se encuentra en la actualidad en Per\u00fa; donde triplic\u00f3 la facturaci\u00f3n en 3 a\u00f1os de trabajo. Anteriormente y durante 5 a\u00f1os trabaj\u00f3 en comunicaciones estrat\u00e9gicas y medios de comunicaci\u00f3n masivo. Somos un grupo de empresas cuyo objetivo es incrementar las ventas de nuestros clientes y mejorar la experiencia del consumidor final. Nuestro foco es la innovaci\u00f3n constante a trav\u00e9s de personas, tecnolog\u00eda y log\u00edstica, creando valor para cada uno de nuestros clientes, convirti\u00e9ndonos en sus socios estrat\u00e9gicos. En el Parque Santa Rosa de Apoquindo se realizar\u00e1 la nueva versi\u00f3n del Festival \u00d1am, encuentro que este a\u00f1o tiene por lema \u201cLa mesa de Chile\u201d. Un panorama imperdible para los amantes y fan\u00e1ticos de la cocina nacional con actividades al aire libre y ambiente familiar.<\/p>\n<h2 id=\"toc-4\">INDAP Los R\u00edos dice presente en Festival \u00d1am 2026 a trav\u00e9s de la productora campesina Rosa Bello<\/h2>\n<p>La instancia a desarrollarse en el Parque Padre Hurtado tambi\u00e9n contar\u00e1 con espacios para ni\u00f1os y presentaciones musicales en vivo. Nuestra visi\u00f3n es proporcionar soluciones integrales en climatizaci\u00f3n, superando las expectativas de nuestros clientes mediante proyectos innovadores y personalizados. Nos comprometemos a mantener altos est\u00e1ndares de calidad y eficiencia, garantizando el confort y bienestar en cada ambiente que intervenimos. Bajo el estado de emergencia, el Ejecutivo obtiene facultades extraordinarias que permiten la salida de las Fuerzas Armadas a las calles para patrullar y colaborar con la Polic\u00eda en el mantenimiento del orden. Asimismo, la medida posibilita la restricci\u00f3n o suspensi\u00f3n de ciertas libertades p\u00fablicas, como el derecho de reuni\u00f3n y la inviolabilidad de domicilio.<\/p>\n<p>Este tipo de espacios no solo permiten mostrar productos de alta calidad, sino tambi\u00e9n poner en valor el trabajo, la identidad y la historia que hay detr\u00e1s de cada emprendimiento campesino. La presencia en \u00d1am Santiago fortalece la comercializaci\u00f3n, abre nuevas redes y posiciona a la Agricultura Familiar Campesina de Los R\u00edos en escenarios de alto nivel, contribuyendo al desarrollo econ\u00f3mico local con proyecci\u00f3n nacional&quot;. Somos una empresa Valdiviana con m\u00e1s de 20 a\u00f1os de experiencia en el rubro y que esta a la vanguardia en tecnolog\u00eda de calefacci\u00f3n y climatizaci\u00f3n. Habr\u00e1n cociner\u00edas, panader\u00edas, un bar, clases de cocina y actividades para los m\u00e1s peque\u00f1os del hogar. La Academia \u00d1an, plataforma educativa digital orientada al rubro de la gastronom\u00eda,&nbsp;recientemente abri\u00f3 las inscripciones para un nuevo curso, titulado &quot;Cursos de Servicio en Restaurant&quot;. Este curso, desarrollado por la Academia \u00d1am, es un programa de formaci\u00f3n completamente gratuito, orientado en el desarrollo del empleo formal al \u00e1rea de servicio en gastronom\u00eda, es decir, atenci\u00f3n en sala de restaurantes, hoteles, cafeter\u00edas.<\/p>\n<p>Desde el 4 al 7 de abril, uno de los cerros m\u00e1s ic\u00f3nicos y emblem\u00e1ticos de Santiago se llenar\u00e1 de actividades, cocina y comida, para todas las edades, a trav\u00e9s del ya conocido evento \u00d1AM, que se realiza todos los a\u00f1os. En esta versi\u00f3n realizaremos un recorrido por Chile, en donde destacaremos sus comidas, productos, paisajes y personajes. Bajo el lema &quot;Somos lo que comemos&quot;, para este a\u00f1o se han organizado varias sorpresas para el p\u00fablico. Adem\u00e1s, como ya es tradici\u00f3n, habr\u00e1n clases de cocina, cociner\u00edas, un mercado, panader\u00eda, parrillas, caletas, un espacio dedicado a los ni\u00f1os y un bar. Las inscripciones para participar en los Bootcamps est\u00e1n abiertas en Este programa no solo ofrece capacitaci\u00f3n gratuita, sino que tambi\u00e9n abre puertas hacia un futuro laboral prometedor.<\/p>\n","protected":false},"excerpt":{"rendered":"<p>Content \u00a1Obtenga servicios el\u00e9ctricos seguros y confiables ahora! Vacunaci\u00f3n en adultos en Chile: el riesgo silencioso de no tener las vacunas al d\u00eda antes del invierno Experiencias gastron\u00f3micas para todos Durante los tres d\u00edas del festival, los asistentes podr\u00e1n encontrar experiencias gastron\u00f3micas para diversos gustos, un mercado de productores y emprendedor locales, numerosas propuestas de [&hellip;]<\/p>\n","protected":false},"author":4,"featured_media":0,"comment_status":"open","ping_status":"open","sticky":false,"template":"","format":"standard","meta":{"footnotes":""},"categories":[1],"tags":[],"class_list":["post-4513","post","type-post","status-publish","format-standard","hentry","category-uncategorized"],"_links":{"self":[{"href":"https:\/\/trakbond.com\/blog\/wp-json\/wp\/v2\/posts\/4513"}],"collection":[{"href":"https:\/\/trakbond.com\/blog\/wp-json\/wp\/v2\/posts"}],"about":[{"href":"https:\/\/trakbond.com\/blog\/wp-json\/wp\/v2\/types\/post"}],"author":[{"embeddable":true,"href":"https:\/\/trakbond.com\/blog\/wp-json\/wp\/v2\/users\/4"}],"replies":[{"embeddable":true,"href":"https:\/\/trakbond.com\/blog\/wp-json\/wp\/v2\/comments?post=4513"}],"version-history":[{"count":1,"href":"https:\/\/trakbond.com\/blog\/wp-json\/wp\/v2\/posts\/4513\/revisions"}],"predecessor-version":[{"id":4514,"href":"https:\/\/trakbond.com\/blog\/wp-json\/wp\/v2\/posts\/4513\/revisions\/4514"}],"wp:attachment":[{"href":"https:\/\/trakbond.com\/blog\/wp-json\/wp\/v2\/media?parent=4513"}],"wp:term":[{"taxonomy":"category","embeddable":true,"href":"https:\/\/trakbond.com\/blog\/wp-json\/wp\/v2\/categories?post=4513"},{"taxonomy":"post_tag","embeddable":true,"href":"https:\/\/trakbond.com\/blog\/wp-json\/wp\/v2\/tags?post=4513"}],"curies":[{"name":"wp","href":"https:\/\/api.w.org\/{rel}","templated":true}]}}